{"id":1889,"date":"2016-06-15T17:29:09","date_gmt":"2016-06-15T15:29:09","guid":{"rendered":"https:\/\/adven-transition.com\/?p=1889"},"modified":"2023-05-23T15:30:57","modified_gmt":"2023-05-23T13:30:57","slug":"presse-decision-achats-juillet-2016","status":"publish","type":"post","link":"https:\/\/adven-transition.com\/fr\/presse-decision-achats-juillet-2016\/","title":{"rendered":"Presse : D\u00e9cision Achats, juillet 2016"},"content":{"rendered":"<div class=\"wpb-content-wrapper\"><div      class=\"vc_row wpb_row section vc_row-fluid  grid_section\" style=' text-align:left;'><div class=\" section_inner clearfix\"><div class='section_inner_margin clearfix'><div class=\"wpb_column vc_column_container vc_col-sm-12\"><div class=\"vc_column-inner\"><div class=\"wpb_wrapper\">\n\t<div class=\"wpb_text_column wpb_content_element \">\n\t\t<div class=\"wpb_wrapper\">\n\t\t\t<h2><strong>Managers de transition dans les achats, voie d&#8217;avenir ?<\/strong><\/h2>\n\n\t\t<\/div>\n\t<\/div><div class=\"vc_empty_space\"  style=\"height: 32px\" >\n\t<span class=\"vc_empty_space_inner\">\n\t\t<span class=\"empty_space_image\"  ><\/span>\n\t<\/span>\n<\/div><\/div><\/div><\/div><\/div><\/div><\/div><div      class=\"vc_row wpb_row section vc_row-fluid  grid_section\" style=' text-align:left;'><div class=\" section_inner clearfix\"><div class='section_inner_margin clearfix'><div class=\"wpb_column vc_column_container vc_col-sm-2\"><div class=\"vc_column-inner\"><div class=\"wpb_wrapper\">\n\t<div class=\"wpb_single_image wpb_content_element vc_align_right\">\n\t\t<div class=\"wpb_wrapper\">\n\t\t\t\n\t\t\t<div class=\"vc_single_image-wrapper   vc_box_border_grey\"><img decoding=\"async\" width=\"197\" height=\"300\" src=\"https:\/\/adven-transition.com\/wp-content\/uploads\/2020\/11\/DSC_6095d-197x300.jpg\" class=\"vc_single_image-img attachment-medium\" alt=\"\" title=\"DSC_6095d\" srcset=\"https:\/\/adven-transition.com\/wp-content\/uploads\/2020\/11\/DSC_6095d-197x300.jpg 197w, https:\/\/adven-transition.com\/wp-content\/uploads\/2020\/11\/DSC_6095d-671x1024.jpg 671w, https:\/\/adven-transition.com\/wp-content\/uploads\/2020\/11\/DSC_6095d-768x1171.jpg 768w, https:\/\/adven-transition.com\/wp-content\/uploads\/2020\/11\/DSC_6095d-1007x1536.jpg 1007w, https:\/\/adven-transition.com\/wp-content\/uploads\/2020\/11\/DSC_6095d-1343x2048.jpg 1343w, https:\/\/adven-transition.com\/wp-content\/uploads\/2020\/11\/DSC_6095d-700x1068.jpg 700w, https:\/\/adven-transition.com\/wp-content\/uploads\/2020\/11\/DSC_6095d-scaled.jpg 1679w\" sizes=\"(max-width: 197px) 100vw, 197px\" \/><\/div>\n\t\t<\/div>\n\t<\/div>\n<\/div><\/div><\/div><div class=\"wpb_column vc_column_container vc_col-sm-10\"><div class=\"vc_column-inner\"><div class=\"wpb_wrapper\"><\/div><\/div><\/div><\/div><\/div><\/div><div      class=\"vc_row wpb_row section vc_row-fluid  grid_section\" style=' text-align:left;'><div class=\" section_inner clearfix\"><div class='section_inner_margin clearfix'><div class=\"wpb_column vc_column_container vc_col-sm-12\"><div class=\"vc_column-inner vc_custom_1605803162247\"><div class=\"wpb_wrapper\">\n\t<div class=\"wpb_text_column wpb_content_element \">\n\t\t<div class=\"wpb_wrapper\">\n\t\t\t<p><strong><a href=\"https:\/\/www.linkedin.com\/in\/managerdetransition\/\">Hubert Demaison<\/a><\/strong><\/p>\n<p>Founder and Managing Partner at Adven Transition<\/p>\n\n\t\t<\/div>\n\t<\/div><\/div><\/div><\/div><\/div><\/div><\/div><div      class=\"vc_row wpb_row section vc_row-fluid  grid_section\" style=' text-align:left;'><div class=\" section_inner clearfix\"><div class='section_inner_margin clearfix'><div class=\"wpb_column vc_column_container vc_col-sm-12\"><div class=\"vc_column-inner vc_custom_1605803162247\"><div class=\"wpb_wrapper\">\n\t<div class=\"wpb_text_column wpb_content_element \">\n\t\t<div class=\"wpb_wrapper\">\n\t\t\t<p>Les managers de transition n&#8217;ont g\u00e9n\u00e9ralement pas bonne presse. Dans les achats, ces \u00e9lectrons libres concourent pourtant \u00e0 faire reconnaitre et asseoir cette fonction encore mal per\u00e7ue des directions g\u00e9n\u00e9rales.<\/p>\n<p>&#8220;<em>En France, on ne sait pas utiliser \u00e0 bon escient les comp\u00e9tences manag\u00e9riales des populations seniors. On se prive ainsi de ressources manag\u00e9riales qui, selon moi, sont indispensables \u00e0 l&#8217;environnement \u00e9conomique actuel en terme de retour d&#8217;exp\u00e9rience et de situations complexes v\u00e9cues<\/em>&#8220;, explique le\u00a0<strong>fondateur du cabinet Adven Transition, Hubert Demaison<\/strong>, sp\u00e9cialis\u00e9 dans le management de transition sur les fonctions de top et middle-management.<\/p>\n<p>Contexte de gestion de crise, management de transformation, harmonisation dans le cadre de fusion ou d&#8217;acquisition, mise en place d&#8217;un nouvel ERP,&#8230;Les 600 managers de transition de ce cabinet, interviennent dans des\u00a0<strong>contextes vari\u00e9s, g\u00e9n\u00e9ralement compliqu\u00e9s et\/ou complexes.<\/strong><\/p>\n<p>Sur ces 600 managers, 70 sont des directeurs achats issus g\u00e9n\u00e9ralement de grandes entreprises du secteur industriel qui disposent en moyenne de 25 ans d&#8217;exp\u00e9rience. &#8220;<em>Depuis 4 ou 5 ans, on observe un rajeunissement de cette population<\/em>, pointe Hubert Demaison.\u00a0<em>On devient manager de transition de plus en plus jeune, une mani\u00e8re peut \u00eatre de fuir le salariat traditionnel<\/em>&#8220;.<\/p>\n<p>Et dans les achats ?<\/p>\n<p>Cr\u00e9ation &#8220;from scratch&#8221; d&#8217;une direction achat, directeur achat \u00e0 temps partag\u00e9, coaching et accompagnement op\u00e9rationnel d&#8217;une direction achats, r\u00e9organisation et redressement des achats apr\u00e8s le d\u00e9part d&#8217;un directeur achat, mission d&#8217;accompagnement suite \u00e0 l&#8217;impl\u00e9mentation d&#8217;un ERP,&#8230; Les missions de ces experts achats sont nombreuses.<\/p>\n<p>Et c\u00f4t\u00e9 profil ? &#8220;<em>Nous essayons d&#8217;\u00eatre innovants dans le choix de nos managers<\/em>, poursuit le fondateur d&#8217;Adven Transition.\u00a0<em>Nous misons ainsi beaucoup sur le t<strong>ransfert de comp\u00e9tences et le partage de bonnes pratiques d&#8217;un secteur \u00e0 un autre\u00a0<\/strong>en s\u00e9lectionnant des personnes ayant travaill\u00e9 dans des domaines d&#8217;activit\u00e9s distincts mais dont les\u00a0<strong>strat\u00e9gies d&#8217;achats peuvent \u00eatre similaires<\/strong><\/em>.&#8221;<\/p>\n<p>Surqualifi\u00e9, le manager de transition dans les achats doit aussi avoir une\u00a0<strong>bonne connaissance du tissu industriel et donc des TPE\/PME.<\/strong>\u00a0Il s&#8217;agit souvent d&#8217;un directeur achat exp\u00e9riment\u00e9 qui a travaill\u00e9 dans un grand groupe et qui r\u00e9alise des missions au sein de PME. &#8220;<em>Un dirigeant de PME ne fera appel \u00e0 un directeur achat de transition que s&#8217;il a une\u00a0<strong>exp\u00e9rience pr\u00e9alable dans une PME<\/strong>\u00a0car il a souvent peur de la lourdeur et lenteur des d\u00e9cisions associ\u00e9s aux personnes n&#8217;ayant travaill\u00e9 qu&#8217;au sein de grandes entreprises<\/em>&#8220;.<\/p>\n<p><strong>T\u00e9moignage<\/strong><\/p>\n<p><strong>R\u00e9mi Janelle, manager de transition dans les achats<\/strong><\/p>\n<p>&#8220;<em>Les achats doivent sortir de leur isolement<\/em>&#8221;<\/p>\n<p>Manager de transition dans les achats depuis 9 ans, R\u00e9mi Janelle a effectu\u00e9 des missions (via Adven Transition ou sa propre soci\u00e9t\u00e9 Auralor) dans une trentaine de structures aussi bien publiques que priv\u00e9s. Attir\u00e9 par la dimension entrepreneuriale et manag\u00e9riale de la fonction, il appr\u00e9cie \u00e9galement la diversit\u00e9 des missions qui constitue pour lui une source d&#8217;enrichissement personnel permanent. &#8220;<em>Cette fonction n\u00e9cessite d&#8217;<strong>appr\u00e9hender rapidement trois aspects : le secteur d&#8217;activit\u00e9, l&#8217;environnement imm\u00e9diat et le m\u00e9tier.<\/strong>\u00a0Et ce n&#8217;est pas \u00e9vident car il y a en g\u00e9n\u00e9ral deux piliers sur trois que l&#8217;on ne ma\u00eetrise pas d&#8217;embl\u00e9e<\/em>&#8220;, explique cet expert qui d\u00e9clare aujourd&#8217;hui ma\u00eetriser tout le spectre des achats, et en particulier les achats de prestations IT (accompagnement de projets SI aupr\u00e8s de DSI).<\/p>\n<p>Cr\u00e9ation &#8220;from scratch&#8221; d&#8217;une direction achat<\/p>\n<p>Pendant un an, l&#8217;une de ses missions consiste \u00e0 b\u00e2tir &#8220;from scratch&#8221; une direction achat dans une grande entreprise du secteur des t\u00e9l\u00e9coms. &#8220;<em>Les objectifs \u00e9taient de recruter et lancer puis s&#8217;arr\u00eater<\/em>&#8220;, r\u00e9sume t&#8217;il. Il oeuvre au d\u00e9part \u00e0 bien\u00a0<strong>distinguer la logistique d&#8217;un c\u00f4t\u00e9<\/strong>\u00a0(personnes en charge des commandes)\u00a0<strong>et les achats de l&#8217;autre<\/strong>\u00a0(personnes en charge de la strat\u00e9gie achat et de la contractualisation avec les fournisseurs). Ensuite ? &#8220;<em>Il fallait former les acheteurs, d\u00e9finir des trajectoires, des mod\u00e8les de maturit\u00e9 ainsi que mettre en place une cartographie compl\u00e8te des achats de l&#8217;entreprise<\/em>.&#8221;<\/p>\n<p>La cl\u00e9 de la r\u00e9ussite de ce projet (jusqu&#8217;\u00e0 80% d&#8217;\u00e9conomies r\u00e9alis\u00e9es sur une famille d&#8217;achats) ? &#8220;<em>Il faut\u00a0<strong>travailler au quotidien avec les prescripteurs et donner du sens aux \u00e9quipes.<\/strong>\u00a0C&#8217;est capital quand on ne reste que quelques mois voire une ann\u00e9e dans une entreprise. Il faut rapidement cr\u00e9er un climat de confiance et fixer un cap avec des objectifs<\/em>.&#8221;<\/p>\n<p>Lors de ses missions, R\u00e9mi Janelle milite par ailleurs pour que &#8220;<em>les achats sortent de leur isolement et rencontrent la direction g\u00e9n\u00e9rale tous les mois ou tous les deux mois pour d\u00e9fendre les dossiers. C&#8217;est capital pour asseoir la fonction achat. L&#8217;int\u00e9gration des achats ne doit pas \u00eatre une pr\u00e9occupation.\u00a0<strong>C&#8217;est en revanche la valeur ajout\u00e9e de leurs actions qui doit \u00eatre mise en avant<\/strong><\/em>&#8220;.<\/p>\n<p><u>Quelles sont les qualit\u00e9s requises pour exceller dans cette fonction ?<\/u><\/p>\n<p>&#8220;<em>\u00catre\u00a0<strong>curieux\u00a0<\/strong>tout d&#8217;abord car tout est nouveau les premiers jours. Il faut beaucoup lire ! Un manager de transition doit ainsi avoir une\u00a0<strong>tr\u00e8s forte adaptabilit\u00e9.<\/strong>\u00a0Il doit \u00eatre \u00e9galement au service des autres car c&#8217;est pour eux que l&#8217;on ach\u00e8te ainsi que d&#8217;\u00eatre capable de\u00a0<strong>visualiser l&#8217;offre de service\u00a0<\/strong>que l&#8217;on souhaite mettre en place. Enfin pour se faire accepter et bien travailler en \u00e9quipe, il doit avoir l<strong>e go\u00fbt des autres<\/strong><\/em><strong>&#8220;.<\/strong><\/p>\n<p><u>Que diriez-vous \u00e0 un directeur achats qui songe \u00e0 s&#8217;orienter vers le management de transition ?<\/u><\/p>\n<p>&#8220;<em>Qu&#8217;il se pose la question de savoir s&#8217;il est tr\u00e8s\u00a0<strong>op\u00e9rationnel,<\/strong>\u00a0s&#8217;il a la\u00a0<strong>fibre commerciale\u00a0<\/strong>car un acheteur doit savoir vendre, s&#8217;il a un\u00a0<strong>r\u00e9seau important\u00a0<\/strong>et s&#8217;il a une\u00a0<strong>approche tourn\u00e9e vers le tissu industriel local<\/strong>. Qu&#8217;il n&#8217;ai enfin pas peur de prendre en main les sujets &#8220;basiques&#8221; de la fonction achat<\/em>&#8220;.<\/p>\n<p>Publi\u00e9 le 15\/06\/2016 dans &#8220;D\u00e9cision Achats&#8221; \/ Par Anne-Sophie David<\/p>\n\n\t\t<\/div>\n\t<\/div><\/div><\/div><\/div><\/div><\/div><\/div>\n<\/div>","protected":false},"excerpt":{"rendered":"Managers de transition dans les achats, voie d'avenir ? Hubert Demaison Founder and Managing Partner at Adven Transition Les managers de transition n'ont g\u00e9n\u00e9ralement pas bonne presse. Dans les achats, ces \u00e9lectrons libres concourent pourtant \u00e0 faire reconnaitre et asseoir cette fonction encore mal per\u00e7ue...","protected":false},"author":7,"featured_media":1298,"comment_status":"closed","ping_status":"closed","sticky":false,"template":"","format":"standard","meta":{"_seopress_robots_primary_cat":"none","_seopress_titles_title":"","_seopress_titles_desc":"","_seopress_robots_index":"","footnotes":""},"categories":[1],"tags":[],"class_list":["post-1889","post","type-post","status-publish","format-standard","has-post-thumbnail","hentry","category-non-classifiee"],"_links":{"self":[{"href":"https:\/\/adven-transition.com\/fr\/wp-json\/wp\/v2\/posts\/1889","targetHints":{"allow":["GET"]}}],"collection":[{"href":"https:\/\/adven-transition.com\/fr\/wp-json\/wp\/v2\/posts"}],"about":[{"href":"https:\/\/adven-transition.com\/fr\/wp-json\/wp\/v2\/types\/post"}],"author":[{"embeddable":true,"href":"https:\/\/adven-transition.com\/fr\/wp-json\/wp\/v2\/users\/7"}],"replies":[{"embeddable":true,"href":"https:\/\/adven-transition.com\/fr\/wp-json\/wp\/v2\/comments?post=1889"}],"version-history":[{"count":0,"href":"https:\/\/adven-transition.com\/fr\/wp-json\/wp\/v2\/posts\/1889\/revisions"}],"wp:featuredmedia":[{"embeddable":true,"href":"https:\/\/adven-transition.com\/fr\/wp-json\/wp\/v2\/media\/1298"}],"wp:attachment":[{"href":"https:\/\/adven-transition.com\/fr\/wp-json\/wp\/v2\/media?parent=1889"}],"wp:term":[{"taxonomy":"category","embeddable":true,"href":"https:\/\/adven-transition.com\/fr\/wp-json\/wp\/v2\/categories?post=1889"},{"taxonomy":"post_tag","embeddable":true,"href":"https:\/\/adven-transition.com\/fr\/wp-json\/wp\/v2\/tags?post=1889"}],"curies":[{"name":"wp","href":"https:\/\/api.w.org\/{rel}","templated":true}]}}