{"id":1140,"date":"2018-01-15T12:34:51","date_gmt":"2018-01-15T11:34:51","guid":{"rendered":"https:\/\/adven-transition.com\/?p=1140"},"modified":"2023-05-23T15:30:57","modified_gmt":"2023-05-23T13:30:57","slug":"actualites-du-cabinet-2017","status":"publish","type":"post","link":"https:\/\/adven-transition.com\/fr\/actualites-du-cabinet-2017\/","title":{"rendered":"Nos succ\u00e8s de 2017 !"},"content":{"rendered":"<div class=\"wpb-content-wrapper\"><div      class=\"vc_row wpb_row section vc_row-fluid  grid_section\" style=' text-align:left;'><div class=\" section_inner clearfix\"><div class='section_inner_margin clearfix'><div class=\"wpb_column vc_column_container vc_col-sm-12\"><div class=\"vc_column-inner\"><div class=\"wpb_wrapper\">\n\t<div class=\"wpb_text_column wpb_content_element \">\n\t\t<div class=\"wpb_wrapper\">\n\t\t\t<p>Quelques Transitions men\u00e9es avec succ\u00e8s en 2017 :<\/p>\n<ul>\n<li>\u00c9quipementier automobile : Direction de filiale \/ Direction de site industriel<\/li>\n<\/ul>\n<p>Pour un \u00e9quipementier automobile de rang 1 et 2, reprise au pied lev\u00e9 de la Direction G\u00e9n\u00e9rale d&#8217;une des filiales du Groupe suite au d\u00e9part pr\u00e9cipit\u00e9 de son ancien dirigeant dans un climat social tendu.<\/p>\n<ul>\n<li>Distribution sp\u00e9cialis\u00e9e : Pr\u00e9sidence<\/li>\n<\/ul>\n<p>Mission de Transition en qualit\u00e9 de Pr\u00e9sident Directeur G\u00e9n\u00e9ral et mandataire social d&#8217;une participation d&#8217;un fonds de Private Equity, op\u00e9rant dans l&#8217;univers de la distribution sp\u00e9cialis\u00e9e multicanale, afin d&#8217;assurer le retour \u00e0 la profitabilit\u00e9 et la croissance de l&#8217;enseigne.<\/p>\n<ul>\n<li>Industrie : Direction G\u00e9n\u00e9rale<\/li>\n<\/ul>\n<p>A la demande de l&#8217;actionnariat familial de cette PME industrielle, mission de conseil et d&#8217;accompagnement \u00e0 la transformation d&#8217;une organisation d\u00e9centralis\u00e9e, fruit de plusieurs op\u00e9rations de croissance externe, en une structure matricielle, port\u00e9e par la cr\u00e9ation de fonctions transverses et la mise en place de synergies industrielles et commerciales.<\/p>\n<ul>\n<li>M\u00e9tallurgie : Direction de la Production<\/li>\n<\/ul>\n<p>Pour la filiale d&#8217;un groupe industriel europ\u00e9en, sp\u00e9cialis\u00e9e dans la transformation des m\u00e9taux, mission de Transition en qualit\u00e9 de Directeur de Production, pour \u00e9laborer et mettre en \u0153uvre un plan d&#8217;am\u00e9lioration de son outil de production, affaibli par un Turn-Over important et un faible taux d&#8217;anciennet\u00e9 des \u00e9quipes.<\/p>\n\n\t\t<\/div>\n\t<\/div><\/div><\/div><\/div><\/div><\/div><\/div>\n<\/div>","protected":false},"excerpt":{"rendered":"Quelques Transitions men\u00e9es avec succ\u00e8s en 2017 : \u00c9quipementier automobile : Direction de filiale \/ Direction de site industriel Pour un \u00e9quipementier automobile de rang 1 et 2, reprise au pied lev\u00e9 de la Direction G\u00e9n\u00e9rale d'une des filiales du Groupe suite au d\u00e9part pr\u00e9cipit\u00e9...","protected":false},"author":7,"featured_media":1149,"comment_status":"closed","ping_status":"open","sticky":false,"template":"","format":"standard","meta":{"_seopress_robots_primary_cat":"none","_seopress_titles_title":"","_seopress_titles_desc":"","_seopress_robots_index":"","footnotes":""},"categories":[1],"tags":[],"class_list":["post-1140","post","type-post","status-publish","format-standard","has-post-thumbnail","hentry","category-non-classifiee"],"_links":{"self":[{"href":"https:\/\/adven-transition.com\/fr\/wp-json\/wp\/v2\/posts\/1140","targetHints":{"allow":["GET"]}}],"collection":[{"href":"https:\/\/adven-transition.com\/fr\/wp-json\/wp\/v2\/posts"}],"about":[{"href":"https:\/\/adven-transition.com\/fr\/wp-json\/wp\/v2\/types\/post"}],"author":[{"embeddable":true,"href":"https:\/\/adven-transition.com\/fr\/wp-json\/wp\/v2\/users\/7"}],"replies":[{"embeddable":true,"href":"https:\/\/adven-transition.com\/fr\/wp-json\/wp\/v2\/comments?post=1140"}],"version-history":[{"count":0,"href":"https:\/\/adven-transition.com\/fr\/wp-json\/wp\/v2\/posts\/1140\/revisions"}],"wp:featuredmedia":[{"embeddable":true,"href":"https:\/\/adven-transition.com\/fr\/wp-json\/wp\/v2\/media\/1149"}],"wp:attachment":[{"href":"https:\/\/adven-transition.com\/fr\/wp-json\/wp\/v2\/media?parent=1140"}],"wp:term":[{"taxonomy":"category","embeddable":true,"href":"https:\/\/adven-transition.com\/fr\/wp-json\/wp\/v2\/categories?post=1140"},{"taxonomy":"post_tag","embeddable":true,"href":"https:\/\/adven-transition.com\/fr\/wp-json\/wp\/v2\/tags?post=1140"}],"curies":[{"name":"wp","href":"https:\/\/api.w.org\/{rel}","templated":true}]}}